{"id":913,"date":"2018-10-25T23:53:37","date_gmt":"2018-10-26T04:53:37","guid":{"rendered":"https:\/\/elcinesana.wordpress.com\/?p=913"},"modified":"2020-04-06T23:20:03","modified_gmt":"2020-04-07T04:20:03","slug":"zozobra-de-vivir-el-dolor","status":"publish","type":"post","link":"http:\/\/www.elcinesana.com\/sitio\/zozobra-de-vivir-el-dolor\/","title":{"rendered":"Zozobra de vivir &#8211; El dolor"},"content":{"rendered":"<p><span style=\"font-weight:400;\">Esta pel\u00edcula fue presentada en el Festival de Cine Franc\u00e9s y fue seleccionada por ese pa\u00eds como representante a los \u00d3scar en la categor\u00eda Mejor Pel\u00edcula Extranjera.<\/span><\/p>\n<div id=\"attachment_914\" style=\"width: 1930px\" class=\"wp-caption alignnone\"><img loading=\"lazy\" decoding=\"async\" aria-describedby=\"caption-attachment-914\" class=\"alignnone size-full wp-image-914\" src=\"http:\/\/www.elcinesana.com\/sitio\/wp-content\/uploads\/2018\/10\/la_douleur_13.jpg\" alt=\"la_douleur_13.jpg\" width=\"1920\" height=\"1038\" \/><p id=\"caption-attachment-914\" class=\"wp-caption-text\"><i><span style=\"font-weight:400;\">Marguerite deambula en bicicleta por una Par\u00eds solitaria tras la alerta de los bombardeos. Este acto aparentemente valiente es en realidad un acto de fragilidad.<\/span><\/i><\/p><\/div>\n<p style=\"text-align:justify;\"><span style=\"font-weight:400;\">La segunda guerra mundial ha sido ampliamente representada en el cine. Diferentes pa\u00edses, sucesos hist\u00f3ricos y personajes han configurado todo un universo cinematogr\u00e1fico de este tr\u00e1gico periodo que ennegrece la historia de la humanidad. Este a\u00f1o estren\u00f3 la pel\u00edcula <\/span><i><span style=\"font-weight:400;\">El Dolor<\/span><\/i><span style=\"font-weight:400;\"> de Emmanuel Finkiel, quien se bas\u00f3 en la novela hom\u00f3nima de Marguerite Duras.<\/span><\/p>\n<p style=\"text-align:justify;\"><span style=\"font-weight:400;\">La adaptaci\u00f3n en im\u00e1genes y sonidos de esta pel\u00edcula transmite la sensaci\u00f3n visceral que producen varios apartados del libro, los cuales son bastante descriptivos y personales. Tanto en la pel\u00edcula como en la novela, la protagonista es una mujer triste y meditabunda que pierde la fuerza cada d\u00eda que espera a su marido, capturado por los Nazis en Par\u00eds.<\/span><\/p>\n<p style=\"text-align:justify;\"><span style=\"font-weight:400;\">La tenacidad de la mujer la lleva a entablar una relaci\u00f3n con un general de alto rango de la Gestapo, que la pretende y le brinda informaci\u00f3n sobre su esposo. Al mismo tiempo, Marguerite (autora y protagonista) debe lidiar con sentimientos que son conflictivos entre s\u00ed como la incertidumbre frente a la situaci\u00f3n de su marido y el amor que siente por Dionys, amigo de la pareja y tambi\u00e9n militante de la resistencia francesa.<\/span><\/p>\n<p style=\"text-align:justify;\"><span style=\"font-weight:400;\">Es en estas contradicciones donde la actuaci\u00f3n de Melanie Thierry logra fundirse con la propuesta visual de la pel\u00edcula transitando por escenas en las que dos mujeres son en realidad la misma protagonista en estados emocionales diferentes: la quietud del dolor, con sus silencios y su pesadez, y la inercia de ciertas acciones cotidianas que son necesarias para sobrevivir la espera. De esta manera, espacios como el apartamento del personaje se convierten en oportunidades que el director aprovecha para mostrar psicol\u00f3gicamente el estado de una mujer que no sabe si el hombre que am\u00f3 fue torturado o si est\u00e1 al otro lado de la puerta, a punto de tocar el timbre. <\/span><\/p>\n<p style=\"text-align:justify;\"><span style=\"font-weight:400;\">La voz en off de Marguerite tambi\u00e9n hace que el tiempo de la pel\u00edcula est\u00e9 estrechamente relacionado con sus emociones y con la p\u00e9rdida de su esposo, a la vez que permite que la obra tenga apartados exactos del libro que est\u00e1n llenos de figuras literarias y po\u00e9ticas propias de una escritora como Duras.<\/span><\/p>\n<p style=\"text-align:justify;\"><span style=\"font-weight:400;\">Sin embargo, la pel\u00edcula logra ser una adaptaci\u00f3n s\u00f3lida no por ser fiel al libro si no por utilizar las ventajas que son propias de su lenguaje para construir una atm\u00f3sfera emotiva y angustiante. <\/span><i><span style=\"font-weight:400;\">El Dolor<\/span><\/i><span style=\"font-weight:400;\"> modifica la historia del libro para que la espera sea un recurso fundamental para construir tensi\u00f3n entre los personajes y dosificar informaci\u00f3n que le permite al espectador mantener la atenci\u00f3n en la pantalla.<\/span><\/p>\n<div id=\"attachment_915\" style=\"width: 1034px\" class=\"wp-caption alignnone\"><img loading=\"lazy\" decoding=\"async\" aria-describedby=\"caption-attachment-915\" class=\"alignnone size-full wp-image-915\" src=\"http:\/\/www.elcinesana.com\/sitio\/wp-content\/uploads\/2018\/10\/1884_margueritedurasparis19442.jpg\" alt=\"1884_MargueriteDurasParis19442\" width=\"1024\" height=\"576\" \/><p id=\"caption-attachment-915\" class=\"wp-caption-text\"><em><span style=\"font-weight:400;\">Uno de los personajes secundarios conmueve tanto como la protagonista pues ambas comparten la misma motivaci\u00f3n: Madame Katz a\u00f1ora el regreso de su hija.<\/span><\/em><\/p><\/div>\n<p style=\"text-align:justify;\"><span style=\"font-weight:400;\">Marguerite y otros personajes femeninos secundarios como Madame Katz o Madame Bordes logran mostrar una cara de la guerra ya retratada pero menos com\u00fan que las trincheras o los campos de concentraci\u00f3n donde se libraron otras batallas. En la ciudad, estas mujeres tambi\u00e9n se enfrentan al dolor de la guerra pero a trav\u00e9s de la espera, la incertidumbre y la desesperanza.<\/span><\/p>\n","protected":false},"excerpt":{"rendered":"<p>Esta pel\u00edcula fue presentada en el Festival de Cine Franc\u00e9s y fue seleccionada por ese pa\u00eds como representante a los \u00d3scar en la categor\u00eda Mejor Pel\u00edcula Extranjera. La segunda guerra mundial ha sido ampliamente representada en el cine. Diferentes pa\u00edses, sucesos hist\u00f3ricos y personajes han configurado todo un universo cinematogr\u00e1fico de este tr\u00e1gico periodo que [&hellip;]<\/p>\n","protected":false},"author":1,"featured_media":0,"comment_status":"open","ping_status":"open","sticky":false,"template":"","format":"standard","meta":{"_et_pb_use_builder":"","_et_pb_old_content":"","_et_gb_content_width":"","_coblocks_attr":"","_coblocks_dimensions":"","_coblocks_responsive_height":"","_coblocks_accordion_ie_support":"","cybocfi_hide_featured_image":"","footnotes":""},"categories":[19],"tags":[],"class_list":["post-913","post","type-post","status-publish","format-standard","hentry","category-textos"],"_links":{"self":[{"href":"http:\/\/www.elcinesana.com\/sitio\/wp-json\/wp\/v2\/posts\/913","targetHints":{"allow":["GET"]}}],"collection":[{"href":"http:\/\/www.elcinesana.com\/sitio\/wp-json\/wp\/v2\/posts"}],"about":[{"href":"http:\/\/www.elcinesana.com\/sitio\/wp-json\/wp\/v2\/types\/post"}],"author":[{"embeddable":true,"href":"http:\/\/www.elcinesana.com\/sitio\/wp-json\/wp\/v2\/users\/1"}],"replies":[{"embeddable":true,"href":"http:\/\/www.elcinesana.com\/sitio\/wp-json\/wp\/v2\/comments?post=913"}],"version-history":[{"count":1,"href":"http:\/\/www.elcinesana.com\/sitio\/wp-json\/wp\/v2\/posts\/913\/revisions"}],"predecessor-version":[{"id":1015,"href":"http:\/\/www.elcinesana.com\/sitio\/wp-json\/wp\/v2\/posts\/913\/revisions\/1015"}],"wp:attachment":[{"href":"http:\/\/www.elcinesana.com\/sitio\/wp-json\/wp\/v2\/media?parent=913"}],"wp:term":[{"taxonomy":"category","embeddable":true,"href":"http:\/\/www.elcinesana.com\/sitio\/wp-json\/wp\/v2\/categories?post=913"},{"taxonomy":"post_tag","embeddable":true,"href":"http:\/\/www.elcinesana.com\/sitio\/wp-json\/wp\/v2\/tags?post=913"}],"curies":[{"name":"wp","href":"https:\/\/api.w.org\/{rel}","templated":true}]}}